{"id":1184,"date":"2023-05-14T16:00:00","date_gmt":"2023-05-14T14:00:00","guid":{"rendered":"https:\/\/lostinthepages.duckdns.org\/?p=1184"},"modified":"2023-04-29T13:30:15","modified_gmt":"2023-04-29T11:30:15","slug":"der-junge-der-mit-dem-herzen-sah","status":"publish","type":"post","link":"https:\/\/lostinthepages.duckdns.org\/?p=1184","title":{"rendered":"Der Junge der mit dem Herzen sah"},"content":{"rendered":"\n<figure class=\"wp-block-gallery has-nested-images columns-default is-cropped wp-block-gallery-1 is-layout-flex wp-block-gallery-is-layout-flex\">\n<figure class=\"wp-block-image size-large\"><img loading=\"lazy\" decoding=\"async\" width=\"700\" height=\"933\" data-id=\"1202\" src=\"https:\/\/lostinthepages.duckdns.org\/wp-content\/uploads\/2023\/04\/20230425_103056-700x933.jpg\" alt=\"\" class=\"wp-image-1202\" srcset=\"https:\/\/lostinthepages.duckdns.org\/wp-content\/uploads\/2023\/04\/20230425_103056-700x933.jpg 700w, https:\/\/lostinthepages.duckdns.org\/wp-content\/uploads\/2023\/04\/20230425_103056-225x300.jpg 225w, https:\/\/lostinthepages.duckdns.org\/wp-content\/uploads\/2023\/04\/20230425_103056-768x1024.jpg 768w, https:\/\/lostinthepages.duckdns.org\/wp-content\/uploads\/2023\/04\/20230425_103056-1152x1536.jpg 1152w, https:\/\/lostinthepages.duckdns.org\/wp-content\/uploads\/2023\/04\/20230425_103056-1536x2048.jpg 1536w, https:\/\/lostinthepages.duckdns.org\/wp-content\/uploads\/2023\/04\/20230425_103056-1140x1520.jpg 1140w, https:\/\/lostinthepages.duckdns.org\/wp-content\/uploads\/2023\/04\/20230425_103056-rotated.jpg 1800w\" sizes=\"auto, (max-width: 700px) 100vw, 700px\" \/><\/figure>\n\n\n\n<figure class=\"wp-block-image size-large\"><img loading=\"lazy\" decoding=\"async\" width=\"700\" height=\"933\" data-id=\"1203\" src=\"https:\/\/lostinthepages.duckdns.org\/wp-content\/uploads\/2023\/04\/20230425_103110-700x933.jpg\" alt=\"\" class=\"wp-image-1203\" srcset=\"https:\/\/lostinthepages.duckdns.org\/wp-content\/uploads\/2023\/04\/20230425_103110-700x933.jpg 700w, https:\/\/lostinthepages.duckdns.org\/wp-content\/uploads\/2023\/04\/20230425_103110-225x300.jpg 225w, https:\/\/lostinthepages.duckdns.org\/wp-content\/uploads\/2023\/04\/20230425_103110-768x1024.jpg 768w, https:\/\/lostinthepages.duckdns.org\/wp-content\/uploads\/2023\/04\/20230425_103110-1152x1536.jpg 1152w, https:\/\/lostinthepages.duckdns.org\/wp-content\/uploads\/2023\/04\/20230425_103110-1536x2048.jpg 1536w, https:\/\/lostinthepages.duckdns.org\/wp-content\/uploads\/2023\/04\/20230425_103110-1140x1520.jpg 1140w, https:\/\/lostinthepages.duckdns.org\/wp-content\/uploads\/2023\/04\/20230425_103110-rotated.jpg 1800w\" sizes=\"auto, (max-width: 700px) 100vw, 700px\" \/><\/figure>\n\n\n\n<figure class=\"wp-block-image size-large\"><img loading=\"lazy\" decoding=\"async\" width=\"700\" height=\"933\" data-id=\"1204\" src=\"https:\/\/lostinthepages.duckdns.org\/wp-content\/uploads\/2023\/04\/20230425_185948-700x933.jpg\" alt=\"\" class=\"wp-image-1204\" srcset=\"https:\/\/lostinthepages.duckdns.org\/wp-content\/uploads\/2023\/04\/20230425_185948-700x933.jpg 700w, https:\/\/lostinthepages.duckdns.org\/wp-content\/uploads\/2023\/04\/20230425_185948-225x300.jpg 225w, https:\/\/lostinthepages.duckdns.org\/wp-content\/uploads\/2023\/04\/20230425_185948-768x1024.jpg 768w, https:\/\/lostinthepages.duckdns.org\/wp-content\/uploads\/2023\/04\/20230425_185948-1152x1536.jpg 1152w, https:\/\/lostinthepages.duckdns.org\/wp-content\/uploads\/2023\/04\/20230425_185948-1536x2048.jpg 1536w, https:\/\/lostinthepages.duckdns.org\/wp-content\/uploads\/2023\/04\/20230425_185948-1140x1520.jpg 1140w, https:\/\/lostinthepages.duckdns.org\/wp-content\/uploads\/2023\/04\/20230425_185948-rotated.jpg 1800w\" sizes=\"auto, (max-width: 700px) 100vw, 700px\" \/><\/figure>\n<\/figure>\n\n\n\n<p class=\"wp-block-paragraph\">Milo k\u00fcmmert sich gerne um seine Gran, die Beiden sind ein eingespieltes Team und auch, wenn seine Mum da anderer Meinung ist, findet er nicht, dass sie professionelle Betreuung braucht. Aber nachdem die halbe K\u00fcche abbrennt, l\u00e4sst Sandy nicht mehr mit sich diskutieren, Gran kommt in ein Heim!<\/p>\n\n\n\n<p class=\"wp-block-paragraph\">So oft er kann geht Milo sie besuchen, doch schnell f\u00e4llt ihm auf, dass in dem Heim nicht alles so sch\u00f6n zugeht, wie man auf den ersten Blick vielleicht denken k\u00f6nnte. Er beh\u00e4lt seine Beobachtungen nicht f\u00fcr sich, aber Milo ist jung und kaum einer h\u00f6rt ihm \u00fcberhaupt zu. <\/p>\n\n\n\n<p class=\"wp-block-paragraph\">Zusammen mit seinem Schweinchen Hamlet, und Tripi, dem Koch des Heims, der eigentlich ganz andere Sorgen hat, beginnt er Beweise zu sammeln, doch noch immer glaubt ihnen keiner. <\/p>\n\n\n\n<p class=\"wp-block-paragraph\">Milo wei\u00df, er muss sich was \u00fcberlegen um den Leuten die Augen zu \u00f6ffnen. F\u00fcr Gran, aber auch f\u00fcr die anderen Bewohner des Heimes.<\/p>\n\n\n\n<p class=\"wp-block-paragraph\">_<\/p>\n\n\n\n<p class=\"wp-block-paragraph\">Mir f\u00e4llt nicht wirlich viel ein, was ich zu dem Buch sagen k\u00f6nnte&#8230; Die Geschichte ist ganz sch\u00f6n und lie\u00dft sich schnell, also perfekt geeignet f\u00fcr zwischendurch.<\/p>\n\n\n\n<p class=\"wp-block-paragraph\">Milo ist ein sehr s\u00fc\u00dfer Charakter und auch die anderen Figuren passen sehr gut in die Geschichte. Mir hat gefallen, wie die Charaktere beschrieben wurden, so dass man sie sich sehr gut vorstellen konnte.<\/p>\n\n\n\n<p class=\"wp-block-paragraph\">Ich h\u00e4tte erwartet, dass Milos Krankheit eine gr\u00f6\u00dfere Rolle spielt, aber das ist nicht schlimm, sie war eben nicht das worum es in der Geschichte letztenendes ging.<\/p>\n\n\n\n<p class=\"wp-block-paragraph\">Tripi und seine Geschichte als Fl\u00fcchtling aus Syrien fand ich sehr interessant, vor allem, weil ich mich nicht daran erinnern kann diese Thematik schoneinmal in einem Buch gefunden zu haben.<\/p>\n\n\n\n<p class=\"wp-block-paragraph\">&#8211;<\/p>\n\n\n\n<p class=\"wp-block-paragraph\">Autor: Virginia Macgregor<\/p>\n\n\n\n<p class=\"wp-block-paragraph\">Titel: Der Junge der mit dem Herzen sah<\/p>\n\n\n\n<p class=\"wp-block-paragraph\">Verlag: Manhattan<\/p>\n\n\n\n<p class=\"wp-block-paragraph\">Preis: 14.99\u20ac<\/p>\n\n\n\n<p class=\"wp-block-paragraph\">Seitenzahl: 411<\/p>\n\n\n\n<p class=\"wp-block-paragraph\">ISBN: 978-3-442-54749-4<\/p>\n\n\n\n<p class=\"wp-block-paragraph\">Taschenbuch<\/p>\n\n\n\n<p class=\"wp-block-paragraph\">Erscheinungsjahr: 2015<\/p>\n\n\n\n<p class=\"wp-block-paragraph\">Bewertung: \u2b50\u2b50\u2b50<\/p>\n","protected":false},"excerpt":{"rendered":"<p>Milo k\u00fcmmert sich gerne um seine Gran, die Beiden sind ein eingespieltes Team und auch, wenn seine Mum da anderer Meinung ist, findet er nicht, dass sie professionelle Betreuung braucht. Aber nachdem die halbe K\u00fcche abbrennt, l\u00e4sst Sandy nicht mehr mit sich diskutieren, Gran kommt in ein Heim! So oft er kann geht Milo sie besuchen, doch schnell f\u00e4llt ihm auf, dass in dem Heim nicht alles so sch\u00f6n zugeht, wie man auf den ersten Blick vielleicht denken k\u00f6nnte. Er beh\u00e4lt seine Beobachtungen nicht f\u00fcr sich, aber Milo ist jung und kaum einer h\u00f6rt ihm \u00fcberhaupt zu. Zusammen mit seinem Schweinchen Hamlet, und Tripi, dem Koch des Heims, der eigentlich ganz andere Sorgen hat, beginnt er Beweise zu sammeln, doch noch immer glaubt ihnen keiner. Milo wei\u00df, er muss sich was \u00fcberlegen um den Leuten die Augen zu \u00f6ffnen. F\u00fcr Gran, aber auch f\u00fcr die anderen Bewohner des Heimes. _ Mir f\u00e4llt nicht wirlich viel ein, was ich zu dem Buch sagen k\u00f6nnte&#8230; Die Geschichte ist ganz sch\u00f6n und lie\u00dft sich schnell, also perfekt geeignet f\u00fcr zwischendurch. Milo ist ein sehr s\u00fc\u00dfer Charakter und auch die anderen Figuren passen sehr gut in die Geschichte. Mir hat gefallen, wie die Charaktere beschrieben wurden, so dass man sie sich sehr gut vorstellen konnte. Ich h\u00e4tte erwartet, dass Milos Krankheit eine gr\u00f6\u00dfere Rolle spielt, aber das ist nicht schlimm, sie war eben nicht das worum es in der Geschichte letztenendes ging. Tripi und seine Geschichte als Fl\u00fcchtling aus Syrien fand ich sehr interessant, vor allem, weil ich mich nicht daran erinnern kann diese Thematik schoneinmal in einem Buch gefunden zu haben. &#8211; Autor: Virginia Macgregor Titel: Der Junge der mit dem Herzen sah Verlag: Manhattan Preis: 14.99\u20ac Seitenzahl: 411 ISBN: 978-3-442-54749-4 Taschenbuch Erscheinungsjahr: 2015 Bewertung: \u2b50\u2b50\u2b50<\/p>\n","protected":false},"author":1,"featured_media":1205,"comment_status":"open","ping_status":"open","sticky":false,"template":"","format":"standard","meta":{"_crdt_document":"","footnotes":""},"categories":[4],"tags":[14],"class_list":["post-1184","post","type-post","status-publish","format-standard","has-post-thumbnail","hentry","category-rezensionen","tag-roman"],"_links":{"self":[{"href":"https:\/\/lostinthepages.duckdns.org\/index.php?rest_route=\/wp\/v2\/posts\/1184","targetHints":{"allow":["GET"]}}],"collection":[{"href":"https:\/\/lostinthepages.duckdns.org\/index.php?rest_route=\/wp\/v2\/posts"}],"about":[{"href":"https:\/\/lostinthepages.duckdns.org\/index.php?rest_route=\/wp\/v2\/types\/post"}],"author":[{"embeddable":true,"href":"https:\/\/lostinthepages.duckdns.org\/index.php?rest_route=\/wp\/v2\/users\/1"}],"replies":[{"embeddable":true,"href":"https:\/\/lostinthepages.duckdns.org\/index.php?rest_route=%2Fwp%2Fv2%2Fcomments&post=1184"}],"version-history":[{"count":2,"href":"https:\/\/lostinthepages.duckdns.org\/index.php?rest_route=\/wp\/v2\/posts\/1184\/revisions"}],"predecessor-version":[{"id":1207,"href":"https:\/\/lostinthepages.duckdns.org\/index.php?rest_route=\/wp\/v2\/posts\/1184\/revisions\/1207"}],"wp:featuredmedia":[{"embeddable":true,"href":"https:\/\/lostinthepages.duckdns.org\/index.php?rest_route=\/wp\/v2\/media\/1205"}],"wp:attachment":[{"href":"https:\/\/lostinthepages.duckdns.org\/index.php?rest_route=%2Fwp%2Fv2%2Fmedia&parent=1184"}],"wp:term":[{"taxonomy":"category","embeddable":true,"href":"https:\/\/lostinthepages.duckdns.org\/index.php?rest_route=%2Fwp%2Fv2%2Fcategories&post=1184"},{"taxonomy":"post_tag","embeddable":true,"href":"https:\/\/lostinthepages.duckdns.org\/index.php?rest_route=%2Fwp%2Fv2%2Ftags&post=1184"}],"curies":[{"name":"wp","href":"https:\/\/api.w.org\/{rel}","templated":true}]}}