{"id":664,"date":"2022-06-14T16:53:37","date_gmt":"2022-06-14T14:53:37","guid":{"rendered":"https:\/\/lostinthepages.duckdns.org\/?p=664"},"modified":"2022-06-14T16:53:38","modified_gmt":"2022-06-14T14:53:38","slug":"das-lied-des-achill","status":"publish","type":"post","link":"https:\/\/lostinthepages.duckdns.org\/?p=664","title":{"rendered":"Das Lied des Achill"},"content":{"rendered":"\n<figure class=\"wp-block-gallery has-nested-images columns-default is-cropped wp-block-gallery-1 is-layout-flex wp-block-gallery-is-layout-flex\">\n<figure class=\"wp-block-image size-large\"><img loading=\"lazy\" decoding=\"async\" width=\"700\" height=\"933\" data-id=\"668\" src=\"https:\/\/lostinthepages.duckdns.org\/wp-content\/uploads\/2022\/06\/20220614_164244-700x933.jpg\" alt=\"\" class=\"wp-image-668\" srcset=\"https:\/\/lostinthepages.duckdns.org\/wp-content\/uploads\/2022\/06\/20220614_164244-700x933.jpg 700w, https:\/\/lostinthepages.duckdns.org\/wp-content\/uploads\/2022\/06\/20220614_164244-225x300.jpg 225w, https:\/\/lostinthepages.duckdns.org\/wp-content\/uploads\/2022\/06\/20220614_164244-768x1024.jpg 768w, https:\/\/lostinthepages.duckdns.org\/wp-content\/uploads\/2022\/06\/20220614_164244-1152x1536.jpg 1152w, https:\/\/lostinthepages.duckdns.org\/wp-content\/uploads\/2022\/06\/20220614_164244-1536x2048.jpg 1536w, https:\/\/lostinthepages.duckdns.org\/wp-content\/uploads\/2022\/06\/20220614_164244-1140x1520.jpg 1140w, https:\/\/lostinthepages.duckdns.org\/wp-content\/uploads\/2022\/06\/20220614_164244-rotated.jpg 1800w\" sizes=\"auto, (max-width: 700px) 100vw, 700px\" \/><\/figure>\n\n\n\n<figure class=\"wp-block-image size-large\"><img loading=\"lazy\" decoding=\"async\" width=\"700\" height=\"933\" data-id=\"670\" src=\"https:\/\/lostinthepages.duckdns.org\/wp-content\/uploads\/2022\/06\/20220614_164312-700x933.jpg\" alt=\"\" class=\"wp-image-670\" srcset=\"https:\/\/lostinthepages.duckdns.org\/wp-content\/uploads\/2022\/06\/20220614_164312-700x933.jpg 700w, https:\/\/lostinthepages.duckdns.org\/wp-content\/uploads\/2022\/06\/20220614_164312-225x300.jpg 225w, https:\/\/lostinthepages.duckdns.org\/wp-content\/uploads\/2022\/06\/20220614_164312-768x1024.jpg 768w, https:\/\/lostinthepages.duckdns.org\/wp-content\/uploads\/2022\/06\/20220614_164312-1152x1536.jpg 1152w, https:\/\/lostinthepages.duckdns.org\/wp-content\/uploads\/2022\/06\/20220614_164312-1536x2048.jpg 1536w, https:\/\/lostinthepages.duckdns.org\/wp-content\/uploads\/2022\/06\/20220614_164312-1140x1520.jpg 1140w, https:\/\/lostinthepages.duckdns.org\/wp-content\/uploads\/2022\/06\/20220614_164312-rotated.jpg 1800w\" sizes=\"auto, (max-width: 700px) 100vw, 700px\" \/><\/figure>\n\n\n\n<figure class=\"wp-block-image size-large\"><img loading=\"lazy\" decoding=\"async\" width=\"700\" height=\"933\" data-id=\"669\" src=\"https:\/\/lostinthepages.duckdns.org\/wp-content\/uploads\/2022\/06\/20220614_164253-700x933.jpg\" alt=\"\" class=\"wp-image-669\" srcset=\"https:\/\/lostinthepages.duckdns.org\/wp-content\/uploads\/2022\/06\/20220614_164253-700x933.jpg 700w, https:\/\/lostinthepages.duckdns.org\/wp-content\/uploads\/2022\/06\/20220614_164253-225x300.jpg 225w, https:\/\/lostinthepages.duckdns.org\/wp-content\/uploads\/2022\/06\/20220614_164253-768x1024.jpg 768w, https:\/\/lostinthepages.duckdns.org\/wp-content\/uploads\/2022\/06\/20220614_164253-1152x1536.jpg 1152w, https:\/\/lostinthepages.duckdns.org\/wp-content\/uploads\/2022\/06\/20220614_164253-1536x2048.jpg 1536w, https:\/\/lostinthepages.duckdns.org\/wp-content\/uploads\/2022\/06\/20220614_164253-1140x1520.jpg 1140w, https:\/\/lostinthepages.duckdns.org\/wp-content\/uploads\/2022\/06\/20220614_164253-rotated.jpg 1800w\" sizes=\"auto, (max-width: 700px) 100vw, 700px\" \/><\/figure>\n<\/figure>\n\n\n\n<p class=\"wp-block-paragraph\">Als der junge Prinz Patroklos von seinem Vater versto\u00dfen wird, wird er an den Hof von Achill und dessen Vater geschickt. <\/p>\n\n\n\n<p class=\"wp-block-paragraph\">Schon bald ernennt Achill ihn zu seinem Gef\u00e4hrten und von da an verbringen die Beiden ihre gesamte Zeit gemeinsam. Nach ein paar Jahren soll Achill schlie\u00dflich in die Berge zu Chiron, einem Zentauren, um von ihm zu lernen. Auch, wenn Patroklos eigentlich nicht mit soll, folgt er dem jungen Prinzen, in den er sich verliebt hat. <\/p>\n\n\n\n<p class=\"wp-block-paragraph\">Es vergehen mehrere Jahre, die sie gemeinsam in den Bergen verbringen, bis Achill, der der beste Krieger des Landes ist, in den Krieg, um eine gestohlene Prinzessin, ziehen soll. Seine Mutter, eine G\u00f6ttin, findet, dass er daf\u00fcr noch zu jung ist und versucht ihn zu verstecken. Nat\u00fcrlich fliegt seine Tarnung irgendwann auf und so zieht er, begleitet von Patroklos doch in den Krieg.<\/p>\n\n\n\n<p class=\"wp-block-paragraph\">Der Kampf gegen die Trojaner zieht sich fast ein ganzes Jahrzehnt, bis es den Griechen endlich gelingt den St\u00e4rksten Mann des Feindes zu t\u00f6ten, doch dieser Tod ist nur Teil einer Reihe von schrecklicher Verluste.<\/p>\n\n\n\n<p class=\"wp-block-paragraph\">_<\/p>\n\n\n\n<p class=\"wp-block-paragraph\">Der Schreibstil von &#8222;Das Lied des Achill&#8220; wirkt zwar eher altmodisch, ist aber wirklich sch\u00f6n und liest sich fl\u00fcssig. Wenn ich mal wirklich Zeit zum lesen hatte, sind die Seiten nur so dahin geflogen.<\/p>\n\n\n\n<p class=\"wp-block-paragraph\">Leider war das auch schon alles, was mir an dem Buch wirklich gut gefallen hat&#8230; Vielleicht waren meine Erwartungen zu hoch, vielleicht fehlt mir das Interesse an der griechischen Mythologie, ich wei\u00df es nicht.<\/p>\n\n\n\n<p class=\"wp-block-paragraph\">An sich ist die Geschichte nicht schlecht, es gibt auch keine Unstimmigkeiten, aber irgendwie bin ich mit dem Buch nicht ganz warm geworden.<\/p>\n\n\n\n<p class=\"wp-block-paragraph\">Die Figuren und ihre Handlungen sind zwar ganz gut nachvollziehbar, mich st\u00f6rt aber, wie schwach und unwichtig Patroklos neben Achill wirkt. Vielleicht liegt es auch genau daran, dass die Beziehung der Beiden irgendwie nicht so ganz r\u00fcber kommt. Es gibt zwar ein paar ganz nette Szenen, in denen man merkt, dass sie einander lieben, aber f\u00fcr mich wirkte das ganze teilweise eher wie eine Freundschaft. <\/p>\n\n\n\n<p class=\"wp-block-paragraph\">Etwas verwirrend fand ich, wie unglaublich schnell die Zeit vergangen ist. Es gab etliche (teilweise wirklich gro\u00dfe) Zeitspr\u00fcnge, die mich irritiert haben.<\/p>\n\n\n\n<p class=\"wp-block-paragraph\">Nachdem ich das Buch nur mittelm\u00e4\u00dfig fand, lag meine ganze Hoffnung auf dem Ende, von dem mir erz\u00e4hlt wurde, wie unglaublich gut und traurig es sei. Ja, es ist schon irgendwie traurig, aber nicht so traurig, dass ich Tr\u00e4nen in den Augen gehabt h\u00e4tte. So \u00fcberragend gut fand ich es leider auch nicht.<\/p>\n\n\n\n<p class=\"wp-block-paragraph\">F\u00fcr mich ist das Buch ein etwas entt\u00e4uschender 3 Sterne read, aber ich denke (bzw. wei\u00df), dass es viele Leute gibt, die das Buch absolut lieben.<\/p>\n\n\n\n<p class=\"wp-block-paragraph\">_<\/p>\n\n\n\n<p class=\"wp-block-paragraph\">Autor: Madeline Miller<\/p>\n\n\n\n<p class=\"wp-block-paragraph\">Titel: Das Lied des Achill<\/p>\n\n\n\n<p class=\"wp-block-paragraph\">Verlag: Eisele<\/p>\n\n\n\n<p class=\"wp-block-paragraph\">Preis: 16.99\u20ac<\/p>\n\n\n\n<p class=\"wp-block-paragraph\">Seitenzahl: 410<\/p>\n\n\n\n<p class=\"wp-block-paragraph\">ISBN: 978-3-96161-082-2<\/p>\n\n\n\n<p class=\"wp-block-paragraph\">Taschenbuch<\/p>\n\n\n\n<p class=\"wp-block-paragraph\">Erscheinungsjahr: 2020<\/p>\n\n\n\n<p class=\"wp-block-paragraph\">Bewertung: \u2b50\u2b50\u2b50<\/p>\n\n\n\n<figure class=\"wp-block-gallery has-nested-images columns-default is-cropped wp-block-gallery-2 is-layout-flex wp-block-gallery-is-layout-flex\">\n<figure class=\"wp-block-image size-large\"><img loading=\"lazy\" decoding=\"async\" width=\"1800\" height=\"2400\" data-id=\"671\" src=\"https:\/\/lostinthepages.duckdns.org\/wp-content\/uploads\/2022\/06\/20220614_164229-edited.jpg\" alt=\"\" class=\"wp-image-671\" srcset=\"https:\/\/lostinthepages.duckdns.org\/wp-content\/uploads\/2022\/06\/20220614_164229-edited.jpg 1800w, https:\/\/lostinthepages.duckdns.org\/wp-content\/uploads\/2022\/06\/20220614_164229-edited-225x300.jpg 225w, https:\/\/lostinthepages.duckdns.org\/wp-content\/uploads\/2022\/06\/20220614_164229-edited-700x933.jpg 700w, https:\/\/lostinthepages.duckdns.org\/wp-content\/uploads\/2022\/06\/20220614_164229-edited-768x1024.jpg 768w, https:\/\/lostinthepages.duckdns.org\/wp-content\/uploads\/2022\/06\/20220614_164229-edited-1152x1536.jpg 1152w, https:\/\/lostinthepages.duckdns.org\/wp-content\/uploads\/2022\/06\/20220614_164229-edited-1536x2048.jpg 1536w, https:\/\/lostinthepages.duckdns.org\/wp-content\/uploads\/2022\/06\/20220614_164229-edited-1140x1520.jpg 1140w\" sizes=\"auto, (max-width: 1800px) 100vw, 1800px\" \/><\/figure>\n\n\n\n<figure class=\"wp-block-image size-large\"><img loading=\"lazy\" decoding=\"async\" width=\"700\" height=\"933\" data-id=\"665\" src=\"https:\/\/lostinthepages.duckdns.org\/wp-content\/uploads\/2022\/06\/20220612_170357-700x933.jpg\" alt=\"\" class=\"wp-image-665\" srcset=\"https:\/\/lostinthepages.duckdns.org\/wp-content\/uploads\/2022\/06\/20220612_170357-700x933.jpg 700w, https:\/\/lostinthepages.duckdns.org\/wp-content\/uploads\/2022\/06\/20220612_170357-225x300.jpg 225w, https:\/\/lostinthepages.duckdns.org\/wp-content\/uploads\/2022\/06\/20220612_170357-768x1024.jpg 768w, https:\/\/lostinthepages.duckdns.org\/wp-content\/uploads\/2022\/06\/20220612_170357-1152x1536.jpg 1152w, https:\/\/lostinthepages.duckdns.org\/wp-content\/uploads\/2022\/06\/20220612_170357-1536x2048.jpg 1536w, https:\/\/lostinthepages.duckdns.org\/wp-content\/uploads\/2022\/06\/20220612_170357-1140x1520.jpg 1140w, https:\/\/lostinthepages.duckdns.org\/wp-content\/uploads\/2022\/06\/20220612_170357-rotated.jpg 1800w\" sizes=\"auto, (max-width: 700px) 100vw, 700px\" \/><\/figure>\n<\/figure>\n\n\n\n<p class=\"wp-block-paragraph\"><\/p>\n","protected":false},"excerpt":{"rendered":"<p>Als der junge Prinz Patroklos von seinem Vater versto\u00dfen wird, wird er an den Hof von Achill und dessen Vater geschickt. Schon bald ernennt Achill ihn zu seinem Gef\u00e4hrten und von da an verbringen die Beiden ihre gesamte Zeit gemeinsam. Nach ein paar Jahren soll Achill schlie\u00dflich in die Berge zu Chiron, einem Zentauren, um von ihm zu lernen. Auch, wenn Patroklos eigentlich nicht mit soll, folgt er dem jungen Prinzen, in den er sich verliebt hat. Es vergehen mehrere Jahre, die sie gemeinsam in den Bergen verbringen, bis Achill, der der beste Krieger des Landes ist, in den Krieg, um eine gestohlene Prinzessin, ziehen soll. Seine Mutter, eine G\u00f6ttin, findet, dass er daf\u00fcr noch zu jung ist und versucht ihn zu verstecken. Nat\u00fcrlich fliegt seine Tarnung irgendwann auf und so zieht er, begleitet von Patroklos doch in den Krieg. Der Kampf gegen die Trojaner zieht sich fast ein ganzes Jahrzehnt, bis es den Griechen endlich gelingt den St\u00e4rksten Mann des Feindes zu t\u00f6ten, doch dieser Tod ist nur Teil einer Reihe von schrecklicher Verluste. _ Der Schreibstil von &#8222;Das Lied des Achill&#8220; wirkt zwar eher altmodisch, ist aber wirklich sch\u00f6n und liest sich fl\u00fcssig. Wenn ich mal wirklich Zeit zum lesen hatte, sind die Seiten nur so dahin geflogen. Leider war das auch schon alles, was mir an dem Buch wirklich gut gefallen hat&#8230; Vielleicht waren meine Erwartungen zu hoch, vielleicht fehlt mir das Interesse an der griechischen Mythologie, ich wei\u00df es nicht. An sich ist die Geschichte nicht schlecht, es gibt auch keine Unstimmigkeiten, aber irgendwie bin ich mit dem Buch nicht ganz warm geworden. Die Figuren und ihre Handlungen sind zwar ganz gut nachvollziehbar, mich st\u00f6rt aber, wie schwach und unwichtig Patroklos neben Achill wirkt. Vielleicht liegt es auch genau daran, dass die Beziehung der Beiden irgendwie nicht so ganz r\u00fcber kommt. Es gibt zwar ein paar ganz nette Szenen, in denen man merkt, dass sie einander lieben, aber f\u00fcr mich wirkte das ganze teilweise eher wie eine Freundschaft. Etwas verwirrend fand ich, wie unglaublich schnell die Zeit vergangen ist. Es gab etliche (teilweise wirklich gro\u00dfe) Zeitspr\u00fcnge, die mich irritiert haben. Nachdem ich das Buch nur mittelm\u00e4\u00dfig fand, lag meine ganze Hoffnung auf dem Ende, von dem mir erz\u00e4hlt wurde, wie unglaublich gut und traurig es sei. Ja, es ist schon irgendwie traurig, aber nicht so traurig, dass ich Tr\u00e4nen in den Augen gehabt h\u00e4tte. So \u00fcberragend gut fand ich es leider auch nicht. F\u00fcr mich ist das Buch ein etwas entt\u00e4uschender 3 Sterne read, aber ich denke (bzw. wei\u00df), dass es viele Leute gibt, die das Buch absolut lieben. _ Autor: Madeline Miller Titel: Das Lied des Achill Verlag: Eisele Preis: 16.99\u20ac Seitenzahl: 410 ISBN: 978-3-96161-082-2 Taschenbuch Erscheinungsjahr: 2020 Bewertung: \u2b50\u2b50\u2b50<\/p>\n","protected":false},"author":1,"featured_media":667,"comment_status":"open","ping_status":"open","sticky":false,"template":"","format":"standard","meta":{"_crdt_document":"","footnotes":""},"categories":[4],"tags":[25,28,22,13,15,14],"class_list":["post-664","post","type-post","status-publish","format-standard","has-post-thumbnail","hentry","category-rezensionen","tag-fantasy","tag-griechische-mythologie","tag-krieg","tag-lgbtq","tag-liebesroman","tag-roman"],"_links":{"self":[{"href":"https:\/\/lostinthepages.duckdns.org\/index.php?rest_route=\/wp\/v2\/posts\/664","targetHints":{"allow":["GET"]}}],"collection":[{"href":"https:\/\/lostinthepages.duckdns.org\/index.php?rest_route=\/wp\/v2\/posts"}],"about":[{"href":"https:\/\/lostinthepages.duckdns.org\/index.php?rest_route=\/wp\/v2\/types\/post"}],"author":[{"embeddable":true,"href":"https:\/\/lostinthepages.duckdns.org\/index.php?rest_route=\/wp\/v2\/users\/1"}],"replies":[{"embeddable":true,"href":"https:\/\/lostinthepages.duckdns.org\/index.php?rest_route=%2Fwp%2Fv2%2Fcomments&post=664"}],"version-history":[{"count":1,"href":"https:\/\/lostinthepages.duckdns.org\/index.php?rest_route=\/wp\/v2\/posts\/664\/revisions"}],"predecessor-version":[{"id":672,"href":"https:\/\/lostinthepages.duckdns.org\/index.php?rest_route=\/wp\/v2\/posts\/664\/revisions\/672"}],"wp:featuredmedia":[{"embeddable":true,"href":"https:\/\/lostinthepages.duckdns.org\/index.php?rest_route=\/wp\/v2\/media\/667"}],"wp:attachment":[{"href":"https:\/\/lostinthepages.duckdns.org\/index.php?rest_route=%2Fwp%2Fv2%2Fmedia&parent=664"}],"wp:term":[{"taxonomy":"category","embeddable":true,"href":"https:\/\/lostinthepages.duckdns.org\/index.php?rest_route=%2Fwp%2Fv2%2Fcategories&post=664"},{"taxonomy":"post_tag","embeddable":true,"href":"https:\/\/lostinthepages.duckdns.org\/index.php?rest_route=%2Fwp%2Fv2%2Ftags&post=664"}],"curies":[{"name":"wp","href":"https:\/\/api.w.org\/{rel}","templated":true}]}}