{"id":969,"date":"2022-12-18T16:00:00","date_gmt":"2022-12-18T15:00:00","guid":{"rendered":"https:\/\/lostinthepages.duckdns.org\/?p=969"},"modified":"2022-12-27T10:37:31","modified_gmt":"2022-12-27T09:37:31","slug":"das-cafe-am-rande-der-welt","status":"publish","type":"post","link":"https:\/\/lostinthepages.duckdns.org\/?p=969","title":{"rendered":"Das Caf\u00e9 am Rande der Welt"},"content":{"rendered":"\n<figure class=\"wp-block-gallery has-nested-images columns-default is-cropped wp-block-gallery-1 is-layout-flex wp-block-gallery-is-layout-flex\">\n<figure class=\"wp-block-image size-large\"><img loading=\"lazy\" decoding=\"async\" width=\"700\" height=\"933\" data-id=\"980\" src=\"https:\/\/lostinthepages.duckdns.org\/wp-content\/uploads\/2022\/12\/20221118_111551-700x933.jpg\" alt=\"\" class=\"wp-image-980\" srcset=\"https:\/\/lostinthepages.duckdns.org\/wp-content\/uploads\/2022\/12\/20221118_111551-700x933.jpg 700w, https:\/\/lostinthepages.duckdns.org\/wp-content\/uploads\/2022\/12\/20221118_111551-225x300.jpg 225w, https:\/\/lostinthepages.duckdns.org\/wp-content\/uploads\/2022\/12\/20221118_111551-768x1024.jpg 768w, https:\/\/lostinthepages.duckdns.org\/wp-content\/uploads\/2022\/12\/20221118_111551-1152x1536.jpg 1152w, https:\/\/lostinthepages.duckdns.org\/wp-content\/uploads\/2022\/12\/20221118_111551-1536x2048.jpg 1536w, https:\/\/lostinthepages.duckdns.org\/wp-content\/uploads\/2022\/12\/20221118_111551-1140x1520.jpg 1140w, https:\/\/lostinthepages.duckdns.org\/wp-content\/uploads\/2022\/12\/20221118_111551-rotated.jpg 1800w\" sizes=\"auto, (max-width: 700px) 100vw, 700px\" \/><\/figure>\n\n\n\n<figure class=\"wp-block-image size-large\"><img loading=\"lazy\" decoding=\"async\" width=\"700\" height=\"933\" data-id=\"978\" src=\"https:\/\/lostinthepages.duckdns.org\/wp-content\/uploads\/2022\/12\/20221118_111541-700x933.jpg\" alt=\"\" class=\"wp-image-978\" srcset=\"https:\/\/lostinthepages.duckdns.org\/wp-content\/uploads\/2022\/12\/20221118_111541-700x933.jpg 700w, https:\/\/lostinthepages.duckdns.org\/wp-content\/uploads\/2022\/12\/20221118_111541-225x300.jpg 225w, https:\/\/lostinthepages.duckdns.org\/wp-content\/uploads\/2022\/12\/20221118_111541-768x1024.jpg 768w, https:\/\/lostinthepages.duckdns.org\/wp-content\/uploads\/2022\/12\/20221118_111541-1152x1536.jpg 1152w, https:\/\/lostinthepages.duckdns.org\/wp-content\/uploads\/2022\/12\/20221118_111541-1536x2048.jpg 1536w, https:\/\/lostinthepages.duckdns.org\/wp-content\/uploads\/2022\/12\/20221118_111541-1140x1520.jpg 1140w, https:\/\/lostinthepages.duckdns.org\/wp-content\/uploads\/2022\/12\/20221118_111541-rotated.jpg 1800w\" sizes=\"auto, (max-width: 700px) 100vw, 700px\" \/><\/figure>\n<\/figure>\n\n\n\n<p class=\"wp-block-paragraph\">John m\u00f6chte sich eine Woche Auszeit von seinem Leben nehmen, doch nachdem er in einem gro\u00dfen Stau landet und sich dann verf\u00e4hrt, startet der Urlaub anders, als erwartet.<br>Er landet in einem Caf\u00e9 irgendwo im nirgendwo. Schnell merkt er, dass dies kein normaler Ort ist und auch, wenn ihm das ganze anfangs ein wenig schr\u00e4g vorkommt, so ver\u00e4ndern die Gespr\u00e4che, die er in diesem Caf\u00e9 f\u00fchrt, sein ganzes Leben.<\/p>\n\n\n\n<p class=\"wp-block-paragraph\">&#8211;<br>Ich bin unglaublich froh dieses Buch gelesen zu haben! Nat\u00fcrlich wei\u00df ich jetzt nicht auf wundersame Weise, was ich mit meinem Leben anfangen m\u00f6chte, aber trotzdem hat mir das Buch die Augen ge\u00f6ffnet.<br>Es ist erstaunlich, wie viele Weisheiten und unterschwellige Ratschl\u00e4ge sich auf diesen 127 Seiten verstecken.<br>Die Geschichte liest sich wirklich angenehm und schnell und gibt einem einigen Stoff zum nachdenken.<br>Ich denke und hoffe, dass mich das Buch und das, was ich daraus gelernt habe, noch eine ganze Weile besch\u00e4ftigen werden!<br><\/p>\n\n\n\n<p class=\"wp-block-paragraph\">&#8211;<\/p>\n\n\n\n<p class=\"wp-block-paragraph\">Autor: John Strelecky<\/p>\n\n\n\n<p class=\"wp-block-paragraph\">Titel: Das Caf\u00e9 am Rande der Welt<\/p>\n\n\n\n<p class=\"wp-block-paragraph\">Verlag: dtv<\/p>\n\n\n\n<p class=\"wp-block-paragraph\">Preis: 8.95\u20ac<\/p>\n\n\n\n<p class=\"wp-block-paragraph\">Seitenzahl: 127<\/p>\n\n\n\n<p class=\"wp-block-paragraph\">Taschenbuch<\/p>\n\n\n\n<p class=\"wp-block-paragraph\">Erscheinungsjahr: 2007<\/p>\n\n\n\n<p class=\"wp-block-paragraph\">ISBN: 978-3-423-20969-4<\/p>\n\n\n\n<p class=\"wp-block-paragraph\">Bewertung: \u2b50\u2b50\u2b50\u2b50\u2b50<\/p>\n","protected":false},"excerpt":{"rendered":"<p>John m\u00f6chte sich eine Woche Auszeit von seinem Leben nehmen, doch nachdem er in einem gro\u00dfen Stau landet und sich dann verf\u00e4hrt, startet der Urlaub anders, als erwartet.Er landet in einem Caf\u00e9 irgendwo im nirgendwo. Schnell merkt er, dass dies kein normaler Ort ist und auch, wenn ihm das ganze anfangs ein wenig schr\u00e4g vorkommt, so ver\u00e4ndern die Gespr\u00e4che, die er in diesem Caf\u00e9 f\u00fchrt, sein ganzes Leben. &#8211;Ich bin unglaublich froh dieses Buch gelesen zu haben! Nat\u00fcrlich wei\u00df ich jetzt nicht auf wundersame Weise, was ich mit meinem Leben anfangen m\u00f6chte, aber trotzdem hat mir das Buch die Augen ge\u00f6ffnet.Es ist erstaunlich, wie viele Weisheiten und unterschwellige Ratschl\u00e4ge sich auf diesen 127 Seiten verstecken.Die Geschichte liest sich wirklich angenehm und schnell und gibt einem einigen Stoff zum nachdenken.Ich denke und hoffe, dass mich das Buch und das, was ich daraus gelernt habe, noch eine ganze Weile besch\u00e4ftigen werden! &#8211; Autor: John Strelecky Titel: Das Caf\u00e9 am Rande der Welt Verlag: dtv Preis: 8.95\u20ac Seitenzahl: 127 Taschenbuch Erscheinungsjahr: 2007 ISBN: 978-3-423-20969-4 Bewertung: \u2b50\u2b50\u2b50\u2b50\u2b50<\/p>\n","protected":false},"author":1,"featured_media":981,"comment_status":"open","ping_status":"open","sticky":false,"template":"","format":"standard","meta":{"_crdt_document":"","footnotes":""},"categories":[8,4],"tags":[18,14],"class_list":["post-969","post","type-post","status-publish","format-standard","has-post-thumbnail","hentry","category-lieblingsbuecher","category-rezensionen","tag-leseempfehlung","tag-roman"],"_links":{"self":[{"href":"https:\/\/lostinthepages.duckdns.org\/index.php?rest_route=\/wp\/v2\/posts\/969","targetHints":{"allow":["GET"]}}],"collection":[{"href":"https:\/\/lostinthepages.duckdns.org\/index.php?rest_route=\/wp\/v2\/posts"}],"about":[{"href":"https:\/\/lostinthepages.duckdns.org\/index.php?rest_route=\/wp\/v2\/types\/post"}],"author":[{"embeddable":true,"href":"https:\/\/lostinthepages.duckdns.org\/index.php?rest_route=\/wp\/v2\/users\/1"}],"replies":[{"embeddable":true,"href":"https:\/\/lostinthepages.duckdns.org\/index.php?rest_route=%2Fwp%2Fv2%2Fcomments&post=969"}],"version-history":[{"count":3,"href":"https:\/\/lostinthepages.duckdns.org\/index.php?rest_route=\/wp\/v2\/posts\/969\/revisions"}],"predecessor-version":[{"id":995,"href":"https:\/\/lostinthepages.duckdns.org\/index.php?rest_route=\/wp\/v2\/posts\/969\/revisions\/995"}],"wp:featuredmedia":[{"embeddable":true,"href":"https:\/\/lostinthepages.duckdns.org\/index.php?rest_route=\/wp\/v2\/media\/981"}],"wp:attachment":[{"href":"https:\/\/lostinthepages.duckdns.org\/index.php?rest_route=%2Fwp%2Fv2%2Fmedia&parent=969"}],"wp:term":[{"taxonomy":"category","embeddable":true,"href":"https:\/\/lostinthepages.duckdns.org\/index.php?rest_route=%2Fwp%2Fv2%2Fcategories&post=969"},{"taxonomy":"post_tag","embeddable":true,"href":"https:\/\/lostinthepages.duckdns.org\/index.php?rest_route=%2Fwp%2Fv2%2Ftags&post=969"}],"curies":[{"name":"wp","href":"https:\/\/api.w.org\/{rel}","templated":true}]}}